{"id":3583,"date":"2025-04-02T20:08:18","date_gmt":"2025-04-02T23:08:18","guid":{"rendered":"https:\/\/conciencialogistica.com\/web\/?p=3583"},"modified":"2025-05-30T13:23:50","modified_gmt":"2025-05-30T16:23:50","slug":"conciencia-logistica-colabora-con-ctl-unab-para-el-desarrollo-del-observatorio-de-puertos-de-la-v-region","status":"publish","type":"post","link":"https:\/\/conciencialogistica.com\/web\/2025\/04\/02\/conciencia-logistica-colabora-con-ctl-unab-para-el-desarrollo-del-observatorio-de-puertos-de-la-v-region\/","title":{"rendered":"CONCIENCIA LOG\u00cdSTICA colabora con CTL-UNAB para el desarrollo del Observatorio de Puertos de la V Regi\u00f3n."},"content":{"rendered":"<div class=\"fusion-fullwidth fullwidth-box fusion-builder-row-1 fusion-flex-container has-pattern-background has-mask-background nonhundred-percent-fullwidth non-hundred-percent-height-scrolling\" style=\"--awb-border-radius-top-left:0px;--awb-border-radius-top-right:0px;--awb-border-radius-bottom-right:0px;--awb-border-radius-bottom-left:0px;--awb-flex-wrap:wrap;\" ><div class=\"fusion-builder-row fusion-row fusion-flex-align-items-flex-start fusion-flex-content-wrap\" style=\"max-width:1372.8px;margin-left: calc(-4% \/ 2 );margin-right: calc(-4% \/ 2 );\"><div class=\"fusion-layout-column fusion_builder_column fusion-builder-column-0 fusion_builder_column_1_1 1_1 fusion-flex-column\" style=\"--awb-bg-size:cover;--awb-width-large:100%;--awb-margin-top-large:0px;--awb-spacing-right-large:1.92%;--awb-margin-bottom-large:20px;--awb-spacing-left-large:1.92%;--awb-width-medium:100%;--awb-order-medium:0;--awb-spacing-right-medium:1.92%;--awb-spacing-left-medium:1.92%;--awb-width-small:100%;--awb-order-small:0;--awb-spacing-right-small:1.92%;--awb-spacing-left-small:1.92%;\"><div class=\"fusion-column-wrapper fusion-column-has-shadow fusion-flex-justify-content-flex-start fusion-content-layout-column\"><div class=\"fusion-text fusion-text-1\"><p style=\"text-align: center;\"><strong>CONCIENCIA LOG\u00cdSTICA IMPULSA LA TRANSFORMACI\u00d3N DIGITAL DEL TRANSPORTE EN CIUDADES PUERTO CON SU PARTICIPACI\u00d3N EN EL OBSERVATORIO DE TRANSPORTE DE CARGA Y LOG\u00cdSTICA EN LA REGI\u00d3N DE VALPARA\u00cdSO.<\/strong><\/p>\n<p><strong>CONCIENCIA LOG\u00cdSTICA<\/strong> participa como empresa tecnol\u00f3gica en el dise\u00f1o e implementaci\u00f3n del <strong>Observatorio de Transporte de Carga y Log\u00edstica en Ciudades Puerto de la Regi\u00f3n de Valpara\u00edso<\/strong>, una iniciativa liderada por el <strong>Centro de Transporte y Log\u00edstica de la Universidad Andr\u00e9s Bello (UNAB)<\/strong> y financiada por el <strong>Fondo de Innovaci\u00f3n para la Competitividad del Gobierno Regional de Valpara\u00edso.<\/strong><\/p>\n<p>El Observatorio tiene como objetivo central <strong>comprender y optimizar los flujos de transporte de carga en las principales ciudades puerto de la regi\u00f3n \u2014Valpara\u00edso, San Antonio y Los Andes\u2014<\/strong> promoviendo una log\u00edstica m\u00e1s eficiente, sostenible y con menor impacto social y ambiental. Mediante una plataforma tecnol\u00f3gica de monitoreo y an\u00e1lisis en tiempo real, el Observatorio permite capturar datos clave sobre la movilidad de camiones: rutas, velocidades, tiempos de espera, puntos de detenci\u00f3n y patrones operativos cr\u00edticos.<\/p>\n<p>La tecnolog\u00eda desarrollada por <strong>CONCIENCIA LOG\u00cdSTICA<\/strong> constituye el eje funcional del sistema. A trav\u00e9s de su plataforma, es posible <strong>integrar, visualizar y analizar grandes vol\u00famenes de datos territoriales y operacionales<\/strong>, transform\u00e1ndolos en informaci\u00f3n estrat\u00e9gica para la toma de decisiones. Este soporte tecnol\u00f3gico ha sido dise\u00f1ado para atender las necesidades de <strong>instituciones p\u00fablicas, empresas log\u00edsticas, gremios de transporte, operadores portuarios y autoridades locales<\/strong>, facilitando una gesti\u00f3n m\u00e1s informada, \u00e1gil y sostenible del transporte de carga.<\/p>\n<p>Como parte del proceso de implementaci\u00f3n y validaci\u00f3n, <strong>CONCIENCIA LOG\u00cdSTICA ha participado activamente en diversos talleres t\u00e9cnicos de presentaci\u00f3n de avances del Observatorio<\/strong>, realizados en las instalaciones de los tres principales puertos de la regi\u00f3n: <strong>Puerto Terrestre Los Andes (PTLA), Empresa Portuaria Valpara\u00edso (EPV) y Empresa Portuaria San Antonio (EPSA).<\/strong> Estos encuentros han contado con la presencia de <strong>autoridades portuarias, representantes del Gobierno Regional de Valpara\u00edso, as\u00ed como actores relevantes del ecosistema log\u00edstico-portuario<\/strong>, incluyendo representantes del mundo* acad\u00e9mico, empresarial y de la sociedad civil*. Estas instancias han permitido socializar resultados preliminares, recoger retroalimentaci\u00f3n de los usuarios y fortalecer la articulaci\u00f3n interinstitucional.<\/p>\n<p>Entre los beneficios estrat\u00e9gicos que se esperan del Observatorio destacan:<\/p>\n<ul>\n<li>Reducci\u00f3n de las asimetr\u00edas de informaci\u00f3n en el ecosistema log\u00edstico-portuario.<\/li>\n<li>Mitigaci\u00f3n de impactos sociales y ambientales en las ciudades puerto.<\/li>\n<li>Mejor coordinaci\u00f3n y competitividad entre los actores p\u00fablicos y privados.<\/li>\n<li>Impulso a una transformaci\u00f3n digital sostenible en la gesti\u00f3n log\u00edstica territorial.<\/li>\n<\/ul>\n<p>La participaci\u00f3n de <strong>CONCIENCIA LOG\u00cdSTICA<\/strong> en esta iniciativa reafirma su compromiso con el desarrollo de <strong>soluciones tecnol\u00f3gicas aplicadas al transporte y la log\u00edstica urbana<\/strong>, fortaleciendo la capacidad del pa\u00eds para enfrentar los desaf\u00edos de movilidad y sostenibilidad desde una perspectiva<strong> colaborativa, innovadora y orientada al dato<\/strong>.<\/p>\n<p style=\"text-align: left;\">Fuentes:&nbsp;<br \/><a href=\"https:\/\/www.observatoriopuertos.cl\/\">Observatorio Puertos<\/a><br \/><a href=\"https:\/\/www.agendalogistica.cl\/unab-valparaiso\/implementaran-observatorio-de-transporte-de-carga-y-logistica-en-valparaiso\/1567957\">Agenda Log\u00edstica<\/a><br \/><a href=\"https:\/\/eltransporte.cl\/observatorio-de-carga-y-logistica-en-region-de-valparaiso\/\">El Transporte<\/a><br \/><a href=\"https:\/\/comentarista.emol.com\/2534760\/33208761\/Log%C3%ADstica-Bodegaje-y-Transporte.html\">EMOL<\/a><br \/><a href=\"https:\/\/www.litoralpress.cl\/sitio\/Prensa_Texto?LPKey=UDRCOJQ3QH4P633B5PLLQOWQLOWIE6DCESV7VBAMVI45OQ5WWHKA\">Litoral Press<\/a><br \/><a href=\"https:\/\/portalportuario.cl\/lanzan-observatorio-de-transporte-de-carga-y-logistica-en-ciudades-puerto-de-valparaiso\/\">Portal Portuario<\/a><br \/><a href=\"https:\/\/noticias.unab.cl\/centro-de-transporte-y-logistica-de-la-unab-lanza-observatorio-para-mejorar-eficiencia-de-los-puertos-de-la-region-de-valparaiso\/\">UNAB<\/a><\/p>\n<\/div><\/div><\/div><div class=\"fusion-layout-column fusion_builder_column fusion-builder-column-1 fusion_builder_column_1_1 1_1 fusion-flex-column\" style=\"--awb-bg-size:cover;--awb-width-large:100%;--awb-margin-top-large:0px;--awb-spacing-right-large:1.92%;--awb-margin-bottom-large:20px;--awb-spacing-left-large:1.92%;--awb-width-medium:100%;--awb-order-medium:0;--awb-spacing-right-medium:1.92%;--awb-spacing-left-medium:1.92%;--awb-width-small:100%;--awb-order-small:0;--awb-spacing-right-small:1.92%;--awb-spacing-left-small:1.92%;\"><div class=\"fusion-column-wrapper fusion-column-has-shadow fusion-flex-justify-content-flex-start fusion-content-layout-column\"><div class=\"awb-gallery-wrapper awb-gallery-wrapper-1 button-span-no\" style=\"--more-btn-alignment:center;\" data-limit=\"25\" data-page=\"1\"><div style=\"margin:-5px;--awb-bordersize:0px;\" class=\"fusion-gallery fusion-gallery-container fusion-grid-2 fusion-columns-total-7 fusion-gallery-layout-grid fusion-gallery-1\"><div style=\"padding:5px;\" class=\"fusion-grid-column fusion-gallery-column fusion-gallery-column-2 hover-type-none\"><div class=\"fusion-gallery-image\"><a href=\"https:\/\/conciencialogistica.com\/web\/wp-content\/uploads\/2025\/05\/DSC01670-scaled.jpg\" rel=\"noreferrer\" data-rel=\"iLightbox[gallery_image_1]\" class=\"fusion-lightbox\" target=\"_self\"><img decoding=\"async\" src=\"https:\/\/conciencialogistica.com\/web\/wp-content\/uploads\/2025\/05\/DSC01670-scaled.jpg\" data-orig-src=\"https:\/\/conciencialogistica.com\/web\/wp-content\/uploads\/2025\/05\/DSC01670-scaled.jpg\" width=\"2560\" height=\"1707\" alt=\"\" title=\"DSC01670\" aria-label=\"DSC01670\" class=\"lazyload img-responsive wp-image-3687\" srcset=\"data:image\/svg+xml,%3Csvg%20xmlns%3D%27http%3A%2F%2Fwww.w3.org%2F2000%2Fsvg%27%20width%3D%272560%27%20height%3D%271707%27%20viewBox%3D%270%200%202560%201707%27%3E%3Crect%20width%3D%272560%27%20height%3D%271707%27%20fill-opacity%3D%220%22%2F%3E%3C%2Fsvg%3E\" data-srcset=\"https:\/\/conciencialogistica.com\/web\/wp-content\/uploads\/2025\/05\/DSC01670-200x133.jpg 200w, https:\/\/conciencialogistica.com\/web\/wp-content\/uploads\/2025\/05\/DSC01670-400x267.jpg 400w, https:\/\/conciencialogistica.com\/web\/wp-content\/uploads\/2025\/05\/DSC01670-600x400.jpg 600w, https:\/\/conciencialogistica.com\/web\/wp-content\/uploads\/2025\/05\/DSC01670-800x533.jpg 800w, https:\/\/conciencialogistica.com\/web\/wp-content\/uploads\/2025\/05\/DSC01670-1200x800.jpg 1200w, https:\/\/conciencialogistica.com\/web\/wp-content\/uploads\/2025\/05\/DSC01670-scaled.jpg 2560w\" data-sizes=\"auto\" data-orig-sizes=\"(min-width: 2200px) 100vw, (min-width: 712px) 658px, (min-width: 640px) 712px, \" \/><\/a><\/div><\/div><div style=\"padding:5px;\" class=\"fusion-grid-column fusion-gallery-column fusion-gallery-column-2 hover-type-none\"><div class=\"fusion-gallery-image\"><a href=\"https:\/\/conciencialogistica.com\/web\/wp-content\/uploads\/2025\/05\/DSC01697-scaled.jpg\" rel=\"noreferrer\" data-rel=\"iLightbox[gallery_image_1]\" class=\"fusion-lightbox\" target=\"_self\"><img decoding=\"async\" src=\"https:\/\/conciencialogistica.com\/web\/wp-content\/uploads\/2025\/05\/DSC01697-scaled.jpg\" data-orig-src=\"https:\/\/conciencialogistica.com\/web\/wp-content\/uploads\/2025\/05\/DSC01697-scaled.jpg\" width=\"2560\" height=\"1707\" alt=\"\" title=\"DSC01697\" aria-label=\"DSC01697\" class=\"lazyload img-responsive wp-image-3688\" srcset=\"data:image\/svg+xml,%3Csvg%20xmlns%3D%27http%3A%2F%2Fwww.w3.org%2F2000%2Fsvg%27%20width%3D%272560%27%20height%3D%271707%27%20viewBox%3D%270%200%202560%201707%27%3E%3Crect%20width%3D%272560%27%20height%3D%271707%27%20fill-opacity%3D%220%22%2F%3E%3C%2Fsvg%3E\" data-srcset=\"https:\/\/conciencialogistica.com\/web\/wp-content\/uploads\/2025\/05\/DSC01697-200x133.jpg 200w, https:\/\/conciencialogistica.com\/web\/wp-content\/uploads\/2025\/05\/DSC01697-400x267.jpg 400w, https:\/\/conciencialogistica.com\/web\/wp-content\/uploads\/2025\/05\/DSC01697-600x400.jpg 600w, https:\/\/conciencialogistica.com\/web\/wp-content\/uploads\/2025\/05\/DSC01697-800x533.jpg 800w, https:\/\/conciencialogistica.com\/web\/wp-content\/uploads\/2025\/05\/DSC01697-1200x800.jpg 1200w, https:\/\/conciencialogistica.com\/web\/wp-content\/uploads\/2025\/05\/DSC01697-scaled.jpg 2560w\" data-sizes=\"auto\" data-orig-sizes=\"(min-width: 2200px) 100vw, (min-width: 712px) 658px, (min-width: 640px) 712px, \" \/><\/a><\/div><\/div><div class=\"clearfix\"><\/div><div style=\"padding:5px;\" class=\"fusion-grid-column fusion-gallery-column fusion-gallery-column-2 hover-type-none\"><div class=\"fusion-gallery-image\"><a href=\"https:\/\/conciencialogistica.com\/web\/wp-content\/uploads\/2025\/05\/DSC01774-scaled.jpg\" rel=\"noreferrer\" data-rel=\"iLightbox[gallery_image_1]\" class=\"fusion-lightbox\" target=\"_self\"><img decoding=\"async\" src=\"https:\/\/conciencialogistica.com\/web\/wp-content\/uploads\/2025\/05\/DSC01774-scaled.jpg\" data-orig-src=\"https:\/\/conciencialogistica.com\/web\/wp-content\/uploads\/2025\/05\/DSC01774-scaled.jpg\" width=\"2560\" height=\"1707\" alt=\"\" title=\"DSC01774\" aria-label=\"DSC01774\" class=\"lazyload img-responsive wp-image-3689\" srcset=\"data:image\/svg+xml,%3Csvg%20xmlns%3D%27http%3A%2F%2Fwww.w3.org%2F2000%2Fsvg%27%20width%3D%272560%27%20height%3D%271707%27%20viewBox%3D%270%200%202560%201707%27%3E%3Crect%20width%3D%272560%27%20height%3D%271707%27%20fill-opacity%3D%220%22%2F%3E%3C%2Fsvg%3E\" data-srcset=\"https:\/\/conciencialogistica.com\/web\/wp-content\/uploads\/2025\/05\/DSC01774-200x133.jpg 200w, https:\/\/conciencialogistica.com\/web\/wp-content\/uploads\/2025\/05\/DSC01774-400x267.jpg 400w, https:\/\/conciencialogistica.com\/web\/wp-content\/uploads\/2025\/05\/DSC01774-600x400.jpg 600w, https:\/\/conciencialogistica.com\/web\/wp-content\/uploads\/2025\/05\/DSC01774-800x533.jpg 800w, https:\/\/conciencialogistica.com\/web\/wp-content\/uploads\/2025\/05\/DSC01774-1200x800.jpg 1200w, https:\/\/conciencialogistica.com\/web\/wp-content\/uploads\/2025\/05\/DSC01774-scaled.jpg 2560w\" data-sizes=\"auto\" data-orig-sizes=\"(min-width: 2200px) 100vw, (min-width: 712px) 658px, (min-width: 640px) 712px, \" \/><\/a><\/div><\/div><div style=\"padding:5px;\" class=\"fusion-grid-column fusion-gallery-column fusion-gallery-column-2 hover-type-none\"><div class=\"fusion-gallery-image\"><a href=\"https:\/\/conciencialogistica.com\/web\/wp-content\/uploads\/2025\/05\/DSC01735-scaled.jpg\" rel=\"noreferrer\" data-rel=\"iLightbox[gallery_image_1]\" class=\"fusion-lightbox\" target=\"_self\"><img decoding=\"async\" src=\"https:\/\/conciencialogistica.com\/web\/wp-content\/uploads\/2025\/05\/DSC01735-scaled.jpg\" data-orig-src=\"https:\/\/conciencialogistica.com\/web\/wp-content\/uploads\/2025\/05\/DSC01735-scaled.jpg\" width=\"2560\" height=\"1707\" alt=\"\" title=\"DSC01735\" aria-label=\"DSC01735\" class=\"lazyload img-responsive wp-image-3690\" srcset=\"data:image\/svg+xml,%3Csvg%20xmlns%3D%27http%3A%2F%2Fwww.w3.org%2F2000%2Fsvg%27%20width%3D%272560%27%20height%3D%271707%27%20viewBox%3D%270%200%202560%201707%27%3E%3Crect%20width%3D%272560%27%20height%3D%271707%27%20fill-opacity%3D%220%22%2F%3E%3C%2Fsvg%3E\" data-srcset=\"https:\/\/conciencialogistica.com\/web\/wp-content\/uploads\/2025\/05\/DSC01735-200x133.jpg 200w, https:\/\/conciencialogistica.com\/web\/wp-content\/uploads\/2025\/05\/DSC01735-400x267.jpg 400w, https:\/\/conciencialogistica.com\/web\/wp-content\/uploads\/2025\/05\/DSC01735-600x400.jpg 600w, https:\/\/conciencialogistica.com\/web\/wp-content\/uploads\/2025\/05\/DSC01735-800x533.jpg 800w, https:\/\/conciencialogistica.com\/web\/wp-content\/uploads\/2025\/05\/DSC01735-1200x800.jpg 1200w, https:\/\/conciencialogistica.com\/web\/wp-content\/uploads\/2025\/05\/DSC01735-scaled.jpg 2560w\" data-sizes=\"auto\" data-orig-sizes=\"(min-width: 2200px) 100vw, (min-width: 712px) 658px, (min-width: 640px) 712px, \" \/><\/a><\/div><\/div><div class=\"clearfix\"><\/div><div style=\"padding:5px;\" class=\"fusion-grid-column fusion-gallery-column fusion-gallery-column-2 hover-type-none\"><div class=\"fusion-gallery-image\"><a href=\"https:\/\/conciencialogistica.com\/web\/wp-content\/uploads\/2025\/05\/DSC01747-scaled.jpg\" rel=\"noreferrer\" data-rel=\"iLightbox[gallery_image_1]\" class=\"fusion-lightbox\" target=\"_self\"><img decoding=\"async\" src=\"https:\/\/conciencialogistica.com\/web\/wp-content\/uploads\/2025\/05\/DSC01747-scaled.jpg\" data-orig-src=\"https:\/\/conciencialogistica.com\/web\/wp-content\/uploads\/2025\/05\/DSC01747-scaled.jpg\" width=\"2560\" height=\"1707\" alt=\"\" title=\"DSC01747\" aria-label=\"DSC01747\" class=\"lazyload img-responsive wp-image-3691\" srcset=\"data:image\/svg+xml,%3Csvg%20xmlns%3D%27http%3A%2F%2Fwww.w3.org%2F2000%2Fsvg%27%20width%3D%272560%27%20height%3D%271707%27%20viewBox%3D%270%200%202560%201707%27%3E%3Crect%20width%3D%272560%27%20height%3D%271707%27%20fill-opacity%3D%220%22%2F%3E%3C%2Fsvg%3E\" data-srcset=\"https:\/\/conciencialogistica.com\/web\/wp-content\/uploads\/2025\/05\/DSC01747-200x133.jpg 200w, https:\/\/conciencialogistica.com\/web\/wp-content\/uploads\/2025\/05\/DSC01747-400x267.jpg 400w, https:\/\/conciencialogistica.com\/web\/wp-content\/uploads\/2025\/05\/DSC01747-600x400.jpg 600w, https:\/\/conciencialogistica.com\/web\/wp-content\/uploads\/2025\/05\/DSC01747-800x533.jpg 800w, https:\/\/conciencialogistica.com\/web\/wp-content\/uploads\/2025\/05\/DSC01747-1200x800.jpg 1200w, https:\/\/conciencialogistica.com\/web\/wp-content\/uploads\/2025\/05\/DSC01747-scaled.jpg 2560w\" data-sizes=\"auto\" data-orig-sizes=\"(min-width: 2200px) 100vw, (min-width: 712px) 658px, (min-width: 640px) 712px, \" \/><\/a><\/div><\/div><div style=\"padding:5px;\" class=\"fusion-grid-column fusion-gallery-column fusion-gallery-column-2 hover-type-none\"><div class=\"fusion-gallery-image\"><a href=\"https:\/\/conciencialogistica.com\/web\/wp-content\/uploads\/2025\/05\/DSC01672-scaled.jpg\" rel=\"noreferrer\" data-rel=\"iLightbox[gallery_image_1]\" class=\"fusion-lightbox\" target=\"_self\"><img decoding=\"async\" src=\"https:\/\/conciencialogistica.com\/web\/wp-content\/uploads\/2025\/05\/DSC01672-scaled.jpg\" data-orig-src=\"https:\/\/conciencialogistica.com\/web\/wp-content\/uploads\/2025\/05\/DSC01672-scaled.jpg\" width=\"2560\" height=\"1707\" alt=\"\" title=\"DSC01672\" aria-label=\"DSC01672\" class=\"lazyload img-responsive wp-image-3692\" srcset=\"data:image\/svg+xml,%3Csvg%20xmlns%3D%27http%3A%2F%2Fwww.w3.org%2F2000%2Fsvg%27%20width%3D%272560%27%20height%3D%271707%27%20viewBox%3D%270%200%202560%201707%27%3E%3Crect%20width%3D%272560%27%20height%3D%271707%27%20fill-opacity%3D%220%22%2F%3E%3C%2Fsvg%3E\" data-srcset=\"https:\/\/conciencialogistica.com\/web\/wp-content\/uploads\/2025\/05\/DSC01672-200x133.jpg 200w, https:\/\/conciencialogistica.com\/web\/wp-content\/uploads\/2025\/05\/DSC01672-400x267.jpg 400w, https:\/\/conciencialogistica.com\/web\/wp-content\/uploads\/2025\/05\/DSC01672-600x400.jpg 600w, https:\/\/conciencialogistica.com\/web\/wp-content\/uploads\/2025\/05\/DSC01672-800x533.jpg 800w, https:\/\/conciencialogistica.com\/web\/wp-content\/uploads\/2025\/05\/DSC01672-1200x800.jpg 1200w, https:\/\/conciencialogistica.com\/web\/wp-content\/uploads\/2025\/05\/DSC01672-scaled.jpg 2560w\" data-sizes=\"auto\" data-orig-sizes=\"(min-width: 2200px) 100vw, (min-width: 712px) 658px, (min-width: 640px) 712px, \" \/><\/a><\/div><\/div><div class=\"clearfix\"><\/div><div style=\"padding:5px;\" class=\"fusion-grid-column fusion-gallery-column fusion-gallery-column-2 hover-type-none\"><div class=\"fusion-gallery-image\"><a href=\"https:\/\/conciencialogistica.com\/web\/wp-content\/uploads\/2025\/05\/DSC01754-scaled.jpg\" rel=\"noreferrer\" data-rel=\"iLightbox[gallery_image_1]\" class=\"fusion-lightbox\" target=\"_self\"><img decoding=\"async\" src=\"https:\/\/conciencialogistica.com\/web\/wp-content\/uploads\/2025\/05\/DSC01754-scaled.jpg\" data-orig-src=\"https:\/\/conciencialogistica.com\/web\/wp-content\/uploads\/2025\/05\/DSC01754-scaled.jpg\" width=\"2560\" height=\"1707\" alt=\"\" title=\"DSC01754\" aria-label=\"DSC01754\" class=\"lazyload img-responsive wp-image-3693\" srcset=\"data:image\/svg+xml,%3Csvg%20xmlns%3D%27http%3A%2F%2Fwww.w3.org%2F2000%2Fsvg%27%20width%3D%272560%27%20height%3D%271707%27%20viewBox%3D%270%200%202560%201707%27%3E%3Crect%20width%3D%272560%27%20height%3D%271707%27%20fill-opacity%3D%220%22%2F%3E%3C%2Fsvg%3E\" data-srcset=\"https:\/\/conciencialogistica.com\/web\/wp-content\/uploads\/2025\/05\/DSC01754-200x133.jpg 200w, https:\/\/conciencialogistica.com\/web\/wp-content\/uploads\/2025\/05\/DSC01754-400x267.jpg 400w, https:\/\/conciencialogistica.com\/web\/wp-content\/uploads\/2025\/05\/DSC01754-600x400.jpg 600w, https:\/\/conciencialogistica.com\/web\/wp-content\/uploads\/2025\/05\/DSC01754-800x533.jpg 800w, https:\/\/conciencialogistica.com\/web\/wp-content\/uploads\/2025\/05\/DSC01754-1200x800.jpg 1200w, https:\/\/conciencialogistica.com\/web\/wp-content\/uploads\/2025\/05\/DSC01754-scaled.jpg 2560w\" data-sizes=\"auto\" data-orig-sizes=\"(min-width: 2200px) 100vw, (min-width: 712px) 658px, (min-width: 640px) 712px, \" \/><\/a><\/div><\/div><\/div><\/div><\/div><\/div><\/div><\/div>\n","protected":false},"excerpt":{"rendered":"","protected":false},"author":1,"featured_media":3585,"comment_status":"open","ping_status":"open","sticky":false,"template":"","format":"standard","meta":{"_acf_changed":false,"footnotes":""},"categories":[1],"tags":[],"class_list":["post-3583","post","type-post","status-publish","format-standard","has-post-thumbnail","hentry","category-sin-categoria"],"acf":[],"_links":{"self":[{"href":"https:\/\/conciencialogistica.com\/web\/wp-json\/wp\/v2\/posts\/3583","targetHints":{"allow":["GET"]}}],"collection":[{"href":"https:\/\/conciencialogistica.com\/web\/wp-json\/wp\/v2\/posts"}],"about":[{"href":"https:\/\/conciencialogistica.com\/web\/wp-json\/wp\/v2\/types\/post"}],"author":[{"embeddable":true,"href":"https:\/\/conciencialogistica.com\/web\/wp-json\/wp\/v2\/users\/1"}],"replies":[{"embeddable":true,"href":"https:\/\/conciencialogistica.com\/web\/wp-json\/wp\/v2\/comments?post=3583"}],"version-history":[{"count":11,"href":"https:\/\/conciencialogistica.com\/web\/wp-json\/wp\/v2\/posts\/3583\/revisions"}],"predecessor-version":[{"id":3696,"href":"https:\/\/conciencialogistica.com\/web\/wp-json\/wp\/v2\/posts\/3583\/revisions\/3696"}],"wp:featuredmedia":[{"embeddable":true,"href":"https:\/\/conciencialogistica.com\/web\/wp-json\/wp\/v2\/media\/3585"}],"wp:attachment":[{"href":"https:\/\/conciencialogistica.com\/web\/wp-json\/wp\/v2\/media?parent=3583"}],"wp:term":[{"taxonomy":"category","embeddable":true,"href":"https:\/\/conciencialogistica.com\/web\/wp-json\/wp\/v2\/categories?post=3583"},{"taxonomy":"post_tag","embeddable":true,"href":"https:\/\/conciencialogistica.com\/web\/wp-json\/wp\/v2\/tags?post=3583"}],"curies":[{"name":"wp","href":"https:\/\/api.w.org\/{rel}","templated":true}]}}