{"id":1523,"date":"2025-05-20T14:46:45","date_gmt":"2025-05-20T17:46:45","guid":{"rendered":"https:\/\/avadawebsites.wpengine.com\/business\/?p=1523"},"modified":"2025-05-30T13:26:47","modified_gmt":"2025-05-30T16:26:47","slug":"prochile","status":"publish","type":"post","link":"https:\/\/conciencialogistica.com\/web\/2025\/05\/20\/prochile\/","title":{"rendered":"PROCHILE selecciona a CONCIENCIA LOG\u00cdSTICA para integrar la misi\u00f3n comercial de log\u00edstica a Per\u00fa."},"content":{"rendered":"<div class=\"fusion-fullwidth fullwidth-box fusion-builder-row-1 fusion-flex-container has-pattern-background has-mask-background nonhundred-percent-fullwidth non-hundred-percent-height-scrolling\" style=\"--awb-border-radius-top-left:0px;--awb-border-radius-top-right:0px;--awb-border-radius-bottom-right:0px;--awb-border-radius-bottom-left:0px;--awb-flex-wrap:wrap;\" ><div class=\"fusion-builder-row fusion-row fusion-flex-align-items-flex-start fusion-flex-content-wrap\" style=\"max-width:1372.8px;margin-left: calc(-4% \/ 2 );margin-right: calc(-4% \/ 2 );\"><div class=\"fusion-layout-column fusion_builder_column fusion-builder-column-0 fusion_builder_column_1_1 1_1 fusion-flex-column\" style=\"--awb-bg-size:cover;--awb-width-large:100%;--awb-margin-top-large:0px;--awb-spacing-right-large:1.92%;--awb-margin-bottom-large:0px;--awb-spacing-left-large:1.92%;--awb-width-medium:100%;--awb-order-medium:0;--awb-spacing-right-medium:1.92%;--awb-spacing-left-medium:1.92%;--awb-width-small:100%;--awb-order-small:0;--awb-spacing-right-small:1.92%;--awb-spacing-left-small:1.92%;\"><div class=\"fusion-column-wrapper fusion-column-has-shadow fusion-flex-justify-content-flex-start fusion-content-layout-column\"><div class=\"fusion-text fusion-text-1 fusion-text-no-margin\" style=\"--awb-margin-bottom:40px;\"><p style=\"text-align: center;\"><strong>CONCIENCIA LOG\u00cdSTICA PARTICIPAR\u00c1 EN MISI\u00d3N COMERCIAL A PER\u00da PARA EXPANDIR SUS SERVICIOS EN MERCADOS INTERNACIONALES<\/strong><\/p>\n<p><strong>CONCIENCIA LOG\u00cdSTICA <\/strong>(CL) fue seleccionada como una de las 10 empresas chilenas adjudicatarias del concurso para participar en la Misi\u00f3n Comercial de Soluciones para la Log\u00edstica a Per\u00fa, que se desarrollar\u00e1 entre el 18 y el 20 de junio de 2025 en la ciudad de Lima. Esta instancia, organizada por ProChile, representa una valiosa oportunidad para posicionar sus soluciones tecnol\u00f3gicas en el mercado peruano.<\/p>\n<p>El objetivo de la misi\u00f3n es promover la internacionalizaci\u00f3n de servicios log\u00edsticos innovadores, a trav\u00e9s de actividades estrat\u00e9gicas que incluyen la visita a los puertos del Callao y Chancay, reuniones con la C\u00e1mara de Comercio de Chancay, participaci\u00f3n en el IX Foro Log\u00edstico para el Comercio Exterior y en una rueda de negocios organizada por ADEX, adem\u00e1s de visitas a importantes operadores log\u00edsticos como Bodegas San Francisco y Megacentro (Lur\u00edn).<\/p>\n<p>Durante esta agenda intensiva, <strong>CONCIENCIA LOG\u00cdSTICA<\/strong> tendr\u00e1 la oportunidad de presentar sus servicios, establecer v\u00ednculos con actores clave del ecosistema log\u00edstico peruano y explorar nuevas oportunidades comerciales. Esta participaci\u00f3n refleja el compromiso de <strong>CONCIENCIA LOG\u00cdSTICA<\/strong> con la expansi\u00f3n internacional y el fortalecimiento de su presencia en mercados estrat\u00e9gicos, aportando soluciones tecnol\u00f3gicas para una log\u00edstica m\u00e1s eficiente, resiliente e inteligente.<\/p>\n<p>Fuente: <a href=\"https:\/\/www.prochile.gob.cl\/convocatorias\/detalle\/misi%C3%B3n-comercial-de-soluciones-para-la-log%C3%ADstica-a-per%C3%BA\">ProChile<\/a><\/p>\n<\/div><div class=\"fusion-builder-row fusion-builder-row-inner fusion-row fusion-flex-align-items-flex-start fusion-flex-content-wrap\" style=\"width:104% !important;max-width:104% !important;margin-left: calc(-4% \/ 2 );margin-right: calc(-4% \/ 2 );\"><div class=\"fusion-layout-column fusion_builder_column_inner fusion-builder-nested-column-0 fusion_builder_column_inner_1_1 1_1 fusion-flex-column\" style=\"--awb-bg-size:cover;--awb-width-large:100%;--awb-margin-top-large:0px;--awb-spacing-right-large:1.92%;--awb-margin-bottom-large:20px;--awb-spacing-left-large:1.92%;--awb-width-medium:100%;--awb-order-medium:0;--awb-spacing-right-medium:1.92%;--awb-spacing-left-medium:1.92%;--awb-width-small:100%;--awb-order-small:0;--awb-spacing-right-small:1.92%;--awb-spacing-left-small:1.92%;\"><div class=\"fusion-column-wrapper fusion-column-has-shadow fusion-flex-justify-content-flex-start fusion-content-layout-column\"><div class=\"awb-gallery-wrapper awb-gallery-wrapper-1 button-span-no\" style=\"--more-btn-alignment:center;margin-top:60px;\" data-limit=\"2\" data-page=\"1\"><div style=\"margin:-15px;--awb-bordersize:0px;--awb-border-radius:10px;--awb-caption-title-color:var(--awb-color1);--awb-caption-title-size:var(--awb-custom_typography_2-font-size);--awb-caption-title-transform:var(--awb-custom_typography_2-text-transform);--awb-caption-title-line-height:var(--awb-custom_typography_2-line-height);--awb-caption-title-letter-spacing:var(--awb-custom_typography_2-letter-spacing);--awb-caption-overlay-color:var(--awb-color8);--awb-caption-margin-top:20px;--awb-caption-margin-left:20px;--awb-caption-title-font-family:var(--awb-custom_typography_2-font-family);--awb-caption-title-font-weight:var(--awb-custom_typography_2-font-weight);--awb-caption-title-font-style:var(--awb-custom_typography_2-font-style);\" class=\"fusion-gallery fusion-gallery-container fusion-grid-2 fusion-columns-total-0 fusion-gallery-layout-grid fusion-gallery-1\"><\/div><\/div><\/div><\/div><\/div><\/div><\/div><\/div><\/div>\n","protected":false},"excerpt":{"rendered":"<p>Buisque curs metus vitae sed pharetra auctsemy mas interdums mag augue diu gestibulum ante ipsum lorm.<\/p>\n","protected":false},"author":1,"featured_media":3554,"comment_status":"open","ping_status":"open","sticky":false,"template":"","format":"standard","meta":{"_acf_changed":false,"footnotes":""},"categories":[2],"tags":[10],"class_list":["post-1523","post","type-post","status-publish","format-standard","has-post-thumbnail","hentry","category-audit-taxation","tag-taxation"],"acf":[],"_links":{"self":[{"href":"https:\/\/conciencialogistica.com\/web\/wp-json\/wp\/v2\/posts\/1523","targetHints":{"allow":["GET"]}}],"collection":[{"href":"https:\/\/conciencialogistica.com\/web\/wp-json\/wp\/v2\/posts"}],"about":[{"href":"https:\/\/conciencialogistica.com\/web\/wp-json\/wp\/v2\/types\/post"}],"author":[{"embeddable":true,"href":"https:\/\/conciencialogistica.com\/web\/wp-json\/wp\/v2\/users\/1"}],"replies":[{"embeddable":true,"href":"https:\/\/conciencialogistica.com\/web\/wp-json\/wp\/v2\/comments?post=1523"}],"version-history":[{"count":11,"href":"https:\/\/conciencialogistica.com\/web\/wp-json\/wp\/v2\/posts\/1523\/revisions"}],"predecessor-version":[{"id":3698,"href":"https:\/\/conciencialogistica.com\/web\/wp-json\/wp\/v2\/posts\/1523\/revisions\/3698"}],"wp:featuredmedia":[{"embeddable":true,"href":"https:\/\/conciencialogistica.com\/web\/wp-json\/wp\/v2\/media\/3554"}],"wp:attachment":[{"href":"https:\/\/conciencialogistica.com\/web\/wp-json\/wp\/v2\/media?parent=1523"}],"wp:term":[{"taxonomy":"category","embeddable":true,"href":"https:\/\/conciencialogistica.com\/web\/wp-json\/wp\/v2\/categories?post=1523"},{"taxonomy":"post_tag","embeddable":true,"href":"https:\/\/conciencialogistica.com\/web\/wp-json\/wp\/v2\/tags?post=1523"}],"curies":[{"name":"wp","href":"https:\/\/api.w.org\/{rel}","templated":true}]}}