{"id":1518,"date":"2025-05-12T14:42:14","date_gmt":"2025-05-12T17:42:14","guid":{"rendered":"https:\/\/avadawebsites.wpengine.com\/business\/?p=1518"},"modified":"2025-05-30T13:29:04","modified_gmt":"2025-05-30T16:29:04","slug":"senapred","status":"publish","type":"post","link":"https:\/\/conciencialogistica.com\/web\/2025\/05\/12\/senapred\/","title":{"rendered":"CONCIENCIA LOG\u00cdSTICA, SENAPRED y MTT: desarrollan plataforma digital para optimizar distribuci\u00f3n de kits de emergencia ante desastres."},"content":{"rendered":"<div class=\"fusion-fullwidth fullwidth-box fusion-builder-row-1 fusion-flex-container has-pattern-background has-mask-background nonhundred-percent-fullwidth non-hundred-percent-height-scrolling\" style=\"--awb-border-radius-top-left:0px;--awb-border-radius-top-right:0px;--awb-border-radius-bottom-right:0px;--awb-border-radius-bottom-left:0px;--awb-flex-wrap:wrap;\" ><div class=\"fusion-builder-row fusion-row fusion-flex-align-items-flex-start fusion-flex-content-wrap\" style=\"max-width:1372.8px;margin-left: calc(-4% \/ 2 );margin-right: calc(-4% \/ 2 );\"><div class=\"fusion-layout-column fusion_builder_column fusion-builder-column-0 fusion_builder_column_1_1 1_1 fusion-flex-column\" style=\"--awb-bg-size:cover;--awb-width-large:100%;--awb-margin-top-large:0px;--awb-spacing-right-large:1.92%;--awb-margin-bottom-large:0px;--awb-spacing-left-large:1.92%;--awb-width-medium:100%;--awb-order-medium:0;--awb-spacing-right-medium:1.92%;--awb-spacing-left-medium:1.92%;--awb-width-small:100%;--awb-order-small:0;--awb-spacing-right-small:1.92%;--awb-spacing-left-small:1.92%;\"><div class=\"fusion-column-wrapper fusion-column-has-shadow fusion-flex-justify-content-flex-start fusion-content-layout-column\"><div class=\"fusion-text fusion-text-1 fusion-text-no-margin\" style=\"--awb-text-transform:none;--awb-margin-bottom:40px;\"><h6 style=\"text-align: center;\"><strong>CONCIENCIA LOG\u00cdSTICA DESARROLLA TECNOLOG\u00cdA PARA OPTIMIZAR LA DISTRIBUCI\u00d3N DE AYUDA HUMANITARIA EN EMERGENCIAS.<\/strong><\/h6>\n<p><strong>CONCIENCIA LOG\u00cdSTICA<\/strong> (CL) fue la empresa responsable del desarrollo e implementaci\u00f3n de la nueva plataforma digital de planificaci\u00f3n log\u00edstica presentada recientemente por el <strong>Ministerio de Transportes y <\/strong><strong>Telecomunicaciones<\/strong> (MTT) y el <strong>Servicio Nacional de Prevenci\u00f3n y Respuesta ante Desastres<\/strong> (SENAPRED). Esta soluci\u00f3n tecnol\u00f3gica fue dise\u00f1ada en el marco del estudio \u201cDise\u00f1o de Red de Almacenamiento y Distribuci\u00f3n de Ayudas de Emergencia\u201d, impulsado por el Programa de Desarrollo Log\u00edstico del MTT.<\/p>\n<p>El objetivo de este proyecto fue fortalecer la capacidad de respuesta del pa\u00eds ante desastres, mediante la optimizaci\u00f3n del sistema de distribuci\u00f3n de kits de emergencia a lo largo del territorio nacional. Para ello, <strong>CONCIENCIA LOG\u00cdSTICA<\/strong> proporcion\u00f3 su tecnolog\u00eda y experiencia, desarrollando una herramienta basada en modelos matem\u00e1ticos, programaci\u00f3n lineal, an\u00e1lisis geoespacial y procesamiento de datos hist\u00f3ricos, que permite identificar en tiempo real las rutas \u00f3ptimas y la ubicaci\u00f3n estrat\u00e9gica de centros de almacenamiento, mejorando la eficiencia log\u00edstica y reduciendo los tiempos de respuesta ante emergencias.<\/p>\n<p>Esta plataforma no solo representa un avance tecnol\u00f3gico significativo, sino tambi\u00e9n un aporte directo al quehacer operativo de <strong>SENAPRED<\/strong>, al facilitar la toma de decisiones cr\u00edticas durante eventos adversos. Su implementaci\u00f3n contribuye a una gesti\u00f3n de riesgo m\u00e1s resiliente, eficiente y coordinada, al integrar actores clave como Gobiernos Regionales, Delegaciones Presidenciales, municipios y equipos t\u00e9cnicos del sistema nacional de protecci\u00f3n civil.<\/p>\n<p>El trabajo conjunto entre <strong>CONCIENCIA LOG\u00cdSTICA<\/strong>, <strong>MTT<\/strong> y <strong>SENAPRED<\/strong> refleja una colaboraci\u00f3n p\u00fablico-privada exitosa, con foco en el desarrollo de soluciones basadas en datos para enfrentar los desaf\u00edos humanitarios y log\u00edsticos de Chile, consolidando as\u00ed una red de respuesta m\u00e1s robusta y alineada con los lineamientos del sistema nacional de gesti\u00f3n&nbsp;de&nbsp;emergencias.<\/p>\n<p>Fuentes:<br \/><a href=\"https:\/\/logistica.mtt.cl\/2025\/05\/28\/plataforma-digital-ayuda-humanitaria-emergencias-senapred\/\">Ministerio de Transporte y Telecomunicaciones (MTT)<\/a><br \/><a href=\"https:\/\/web.senapred.cl\/noticias\/mtt-y-senapred-presentan-plataforma-digital-que-permite-optimizar-distribucion-de-ayuda-humanitaria-durante-desastres\/\">SENAPRED<\/a><br \/><a href=\"https:\/\/www.subtrans.gob.cl\/mtt-y-senapred-presentan-plataforma-digital-que-permite-optimizar-distribucion-de-ayuda-humanitaria-durante-desestres\/\">Subsecretar\u00eda de Transportes<\/a><\/p>\n<\/div><div class=\"fusion-builder-row fusion-builder-row-inner fusion-row fusion-flex-align-items-flex-start fusion-flex-content-wrap\" style=\"width:104% !important;max-width:104% !important;margin-left: calc(-4% \/ 2 );margin-right: calc(-4% \/ 2 );\"><div class=\"fusion-layout-column fusion_builder_column_inner fusion-builder-nested-column-0 fusion_builder_column_inner_1_1 1_1 fusion-flex-column\" style=\"--awb-bg-size:cover;--awb-width-large:100%;--awb-margin-top-large:0px;--awb-spacing-right-large:1.92%;--awb-margin-bottom-large:20px;--awb-spacing-left-large:1.92%;--awb-width-medium:100%;--awb-order-medium:0;--awb-spacing-right-medium:1.92%;--awb-spacing-left-medium:1.92%;--awb-width-small:100%;--awb-order-small:0;--awb-spacing-right-small:1.92%;--awb-spacing-left-small:1.92%;\"><div class=\"fusion-column-wrapper fusion-column-has-shadow fusion-flex-justify-content-flex-start fusion-content-layout-column\"><div class=\"awb-gallery-wrapper awb-gallery-wrapper-1 button-span-no\" style=\"--more-btn-alignment:center;margin-top:60px;\" data-limit=\"25\" data-page=\"1\"><div style=\"margin:-15px;--awb-bordersize:0px;--awb-border-radius:10px;--awb-caption-title-color:var(--awb-color1);--awb-caption-title-size:var(--awb-custom_typography_2-font-size);--awb-caption-title-transform:var(--awb-custom_typography_2-text-transform);--awb-caption-title-line-height:var(--awb-custom_typography_2-line-height);--awb-caption-title-letter-spacing:var(--awb-custom_typography_2-letter-spacing);--awb-caption-overlay-color:var(--awb-color8);--awb-caption-margin-top:20px;--awb-caption-margin-left:20px;--awb-caption-title-font-family:var(--awb-custom_typography_2-font-family);--awb-caption-title-font-weight:var(--awb-custom_typography_2-font-weight);--awb-caption-title-font-style:var(--awb-custom_typography_2-font-style);\" class=\"fusion-gallery fusion-gallery-container fusion-grid-2 fusion-columns-total-8 fusion-gallery-layout-grid fusion-gallery-1\"><div style=\"padding:15px;\" class=\"fusion-grid-column fusion-gallery-column fusion-gallery-column-2 hover-type-zoomout\"><div class=\"fusion-gallery-image\"><a href=\"https:\/\/conciencialogistica.com\/web\/wp-content\/uploads\/2025\/05\/SENAPRED-8.jpg\" rel=\"noreferrer\" data-rel=\"iLightbox[gallery_image_1]\" class=\"fusion-lightbox\" target=\"_self\"><img decoding=\"async\" src=\"https:\/\/conciencialogistica.com\/web\/wp-content\/uploads\/2025\/05\/SENAPRED-8.jpg\" data-orig-src=\"https:\/\/conciencialogistica.com\/web\/wp-content\/uploads\/2025\/05\/SENAPRED-8.jpg\" width=\"2560\" height=\"1707\" alt=\"\" title=\"SENAPRED 8\" aria-label=\"SENAPRED 8\" class=\"lazyload img-responsive wp-image-3676\" srcset=\"data:image\/svg+xml,%3Csvg%20xmlns%3D%27http%3A%2F%2Fwww.w3.org%2F2000%2Fsvg%27%20width%3D%272560%27%20height%3D%271707%27%20viewBox%3D%270%200%202560%201707%27%3E%3Crect%20width%3D%272560%27%20height%3D%271707%27%20fill-opacity%3D%220%22%2F%3E%3C%2Fsvg%3E\" data-srcset=\"https:\/\/conciencialogistica.com\/web\/wp-content\/uploads\/2025\/05\/SENAPRED-8-200x133.jpg 200w, https:\/\/conciencialogistica.com\/web\/wp-content\/uploads\/2025\/05\/SENAPRED-8-400x267.jpg 400w, https:\/\/conciencialogistica.com\/web\/wp-content\/uploads\/2025\/05\/SENAPRED-8-600x400.jpg 600w, https:\/\/conciencialogistica.com\/web\/wp-content\/uploads\/2025\/05\/SENAPRED-8-800x533.jpg 800w, https:\/\/conciencialogistica.com\/web\/wp-content\/uploads\/2025\/05\/SENAPRED-8-1200x800.jpg 1200w, https:\/\/conciencialogistica.com\/web\/wp-content\/uploads\/2025\/05\/SENAPRED-8.jpg 2560w\" data-sizes=\"auto\" data-orig-sizes=\"(min-width: 2200px) 100vw, (min-width: 712px) 653px, (min-width: 640px) 712px, \" \/><\/a><\/div><\/div><div style=\"padding:15px;\" class=\"fusion-grid-column fusion-gallery-column fusion-gallery-column-2 hover-type-zoomout\"><div class=\"fusion-gallery-image\"><a href=\"https:\/\/conciencialogistica.com\/web\/wp-content\/uploads\/2025\/05\/SENAPRED-7.jpg\" rel=\"noreferrer\" data-rel=\"iLightbox[gallery_image_1]\" class=\"fusion-lightbox\" target=\"_self\"><img decoding=\"async\" src=\"https:\/\/conciencialogistica.com\/web\/wp-content\/uploads\/2025\/05\/SENAPRED-7.jpg\" data-orig-src=\"https:\/\/conciencialogistica.com\/web\/wp-content\/uploads\/2025\/05\/SENAPRED-7.jpg\" width=\"2560\" height=\"1707\" alt=\"\" title=\"SENAPRED 7\" aria-label=\"SENAPRED 7\" class=\"lazyload img-responsive wp-image-3675\" srcset=\"data:image\/svg+xml,%3Csvg%20xmlns%3D%27http%3A%2F%2Fwww.w3.org%2F2000%2Fsvg%27%20width%3D%272560%27%20height%3D%271707%27%20viewBox%3D%270%200%202560%201707%27%3E%3Crect%20width%3D%272560%27%20height%3D%271707%27%20fill-opacity%3D%220%22%2F%3E%3C%2Fsvg%3E\" data-srcset=\"https:\/\/conciencialogistica.com\/web\/wp-content\/uploads\/2025\/05\/SENAPRED-7-200x133.jpg 200w, https:\/\/conciencialogistica.com\/web\/wp-content\/uploads\/2025\/05\/SENAPRED-7-400x267.jpg 400w, https:\/\/conciencialogistica.com\/web\/wp-content\/uploads\/2025\/05\/SENAPRED-7-600x400.jpg 600w, https:\/\/conciencialogistica.com\/web\/wp-content\/uploads\/2025\/05\/SENAPRED-7-800x533.jpg 800w, https:\/\/conciencialogistica.com\/web\/wp-content\/uploads\/2025\/05\/SENAPRED-7-1200x800.jpg 1200w, https:\/\/conciencialogistica.com\/web\/wp-content\/uploads\/2025\/05\/SENAPRED-7.jpg 2560w\" data-sizes=\"auto\" data-orig-sizes=\"(min-width: 2200px) 100vw, (min-width: 712px) 653px, (min-width: 640px) 712px, \" \/><\/a><\/div><\/div><div class=\"clearfix\"><\/div><div style=\"padding:15px;\" class=\"fusion-grid-column fusion-gallery-column fusion-gallery-column-2 hover-type-zoomout\"><div class=\"fusion-gallery-image\"><a href=\"https:\/\/conciencialogistica.com\/web\/wp-content\/uploads\/2025\/05\/SENAPRED-6.jpg\" rel=\"noreferrer\" data-rel=\"iLightbox[gallery_image_1]\" class=\"fusion-lightbox\" target=\"_self\"><img decoding=\"async\" src=\"https:\/\/conciencialogistica.com\/web\/wp-content\/uploads\/2025\/05\/SENAPRED-6.jpg\" data-orig-src=\"https:\/\/conciencialogistica.com\/web\/wp-content\/uploads\/2025\/05\/SENAPRED-6.jpg\" width=\"1707\" height=\"2560\" alt=\"\" title=\"SENAPRED 6\" aria-label=\"SENAPRED 6\" class=\"lazyload img-responsive wp-image-3674\" srcset=\"data:image\/svg+xml,%3Csvg%20xmlns%3D%27http%3A%2F%2Fwww.w3.org%2F2000%2Fsvg%27%20width%3D%271707%27%20height%3D%272560%27%20viewBox%3D%270%200%201707%202560%27%3E%3Crect%20width%3D%271707%27%20height%3D%272560%27%20fill-opacity%3D%220%22%2F%3E%3C%2Fsvg%3E\" data-srcset=\"https:\/\/conciencialogistica.com\/web\/wp-content\/uploads\/2025\/05\/SENAPRED-6-200x300.jpg 200w, https:\/\/conciencialogistica.com\/web\/wp-content\/uploads\/2025\/05\/SENAPRED-6-400x600.jpg 400w, https:\/\/conciencialogistica.com\/web\/wp-content\/uploads\/2025\/05\/SENAPRED-6-600x900.jpg 600w, https:\/\/conciencialogistica.com\/web\/wp-content\/uploads\/2025\/05\/SENAPRED-6-800x1200.jpg 800w, https:\/\/conciencialogistica.com\/web\/wp-content\/uploads\/2025\/05\/SENAPRED-6-1200x1800.jpg 1200w, https:\/\/conciencialogistica.com\/web\/wp-content\/uploads\/2025\/05\/SENAPRED-6.jpg 1707w\" data-sizes=\"auto\" data-orig-sizes=\"(min-width: 2200px) 100vw, (min-width: 712px) 653px, (min-width: 640px) 712px, \" \/><\/a><\/div><\/div><div style=\"padding:15px;\" class=\"fusion-grid-column fusion-gallery-column fusion-gallery-column-2 hover-type-zoomout\"><div class=\"fusion-gallery-image\"><a href=\"https:\/\/conciencialogistica.com\/web\/wp-content\/uploads\/2025\/05\/SENAPRED-5.jpg\" rel=\"noreferrer\" data-rel=\"iLightbox[gallery_image_1]\" class=\"fusion-lightbox\" target=\"_self\"><img decoding=\"async\" src=\"https:\/\/conciencialogistica.com\/web\/wp-content\/uploads\/2025\/05\/SENAPRED-5.jpg\" data-orig-src=\"https:\/\/conciencialogistica.com\/web\/wp-content\/uploads\/2025\/05\/SENAPRED-5.jpg\" width=\"1707\" height=\"2560\" alt=\"\" title=\"SENAPRED 5\" aria-label=\"SENAPRED 5\" class=\"lazyload img-responsive wp-image-3673\" srcset=\"data:image\/svg+xml,%3Csvg%20xmlns%3D%27http%3A%2F%2Fwww.w3.org%2F2000%2Fsvg%27%20width%3D%271707%27%20height%3D%272560%27%20viewBox%3D%270%200%201707%202560%27%3E%3Crect%20width%3D%271707%27%20height%3D%272560%27%20fill-opacity%3D%220%22%2F%3E%3C%2Fsvg%3E\" data-srcset=\"https:\/\/conciencialogistica.com\/web\/wp-content\/uploads\/2025\/05\/SENAPRED-5-200x300.jpg 200w, https:\/\/conciencialogistica.com\/web\/wp-content\/uploads\/2025\/05\/SENAPRED-5-400x600.jpg 400w, https:\/\/conciencialogistica.com\/web\/wp-content\/uploads\/2025\/05\/SENAPRED-5-600x900.jpg 600w, https:\/\/conciencialogistica.com\/web\/wp-content\/uploads\/2025\/05\/SENAPRED-5-800x1200.jpg 800w, https:\/\/conciencialogistica.com\/web\/wp-content\/uploads\/2025\/05\/SENAPRED-5-1200x1800.jpg 1200w, https:\/\/conciencialogistica.com\/web\/wp-content\/uploads\/2025\/05\/SENAPRED-5.jpg 1707w\" data-sizes=\"auto\" data-orig-sizes=\"(min-width: 2200px) 100vw, (min-width: 712px) 653px, (min-width: 640px) 712px, \" \/><\/a><\/div><\/div><div class=\"clearfix\"><\/div><div style=\"padding:15px;\" class=\"fusion-grid-column fusion-gallery-column fusion-gallery-column-2 hover-type-zoomout\"><div class=\"fusion-gallery-image\"><a href=\"https:\/\/conciencialogistica.com\/web\/wp-content\/uploads\/2025\/05\/SENAPRED-4.jpg\" rel=\"noreferrer\" data-rel=\"iLightbox[gallery_image_1]\" class=\"fusion-lightbox\" target=\"_self\"><img decoding=\"async\" src=\"https:\/\/conciencialogistica.com\/web\/wp-content\/uploads\/2025\/05\/SENAPRED-4.jpg\" data-orig-src=\"https:\/\/conciencialogistica.com\/web\/wp-content\/uploads\/2025\/05\/SENAPRED-4.jpg\" width=\"2560\" height=\"1707\" alt=\"\" title=\"SENAPRED 4\" aria-label=\"SENAPRED 4\" class=\"lazyload img-responsive wp-image-3672\" srcset=\"data:image\/svg+xml,%3Csvg%20xmlns%3D%27http%3A%2F%2Fwww.w3.org%2F2000%2Fsvg%27%20width%3D%272560%27%20height%3D%271707%27%20viewBox%3D%270%200%202560%201707%27%3E%3Crect%20width%3D%272560%27%20height%3D%271707%27%20fill-opacity%3D%220%22%2F%3E%3C%2Fsvg%3E\" data-srcset=\"https:\/\/conciencialogistica.com\/web\/wp-content\/uploads\/2025\/05\/SENAPRED-4-200x133.jpg 200w, https:\/\/conciencialogistica.com\/web\/wp-content\/uploads\/2025\/05\/SENAPRED-4-400x267.jpg 400w, https:\/\/conciencialogistica.com\/web\/wp-content\/uploads\/2025\/05\/SENAPRED-4-600x400.jpg 600w, https:\/\/conciencialogistica.com\/web\/wp-content\/uploads\/2025\/05\/SENAPRED-4-800x533.jpg 800w, https:\/\/conciencialogistica.com\/web\/wp-content\/uploads\/2025\/05\/SENAPRED-4-1200x800.jpg 1200w, https:\/\/conciencialogistica.com\/web\/wp-content\/uploads\/2025\/05\/SENAPRED-4.jpg 2560w\" data-sizes=\"auto\" data-orig-sizes=\"(min-width: 2200px) 100vw, (min-width: 712px) 653px, (min-width: 640px) 712px, \" \/><\/a><\/div><\/div><div style=\"padding:15px;\" class=\"fusion-grid-column fusion-gallery-column fusion-gallery-column-2 hover-type-zoomout\"><div class=\"fusion-gallery-image\"><a href=\"https:\/\/conciencialogistica.com\/web\/wp-content\/uploads\/2025\/05\/SENAPRED-3.jpg\" rel=\"noreferrer\" data-rel=\"iLightbox[gallery_image_1]\" class=\"fusion-lightbox\" target=\"_self\"><img decoding=\"async\" src=\"https:\/\/conciencialogistica.com\/web\/wp-content\/uploads\/2025\/05\/SENAPRED-3.jpg\" data-orig-src=\"https:\/\/conciencialogistica.com\/web\/wp-content\/uploads\/2025\/05\/SENAPRED-3.jpg\" width=\"2560\" height=\"1707\" alt=\"\" title=\"SENAPRED 3\" aria-label=\"SENAPRED 3\" class=\"lazyload img-responsive wp-image-3671\" srcset=\"data:image\/svg+xml,%3Csvg%20xmlns%3D%27http%3A%2F%2Fwww.w3.org%2F2000%2Fsvg%27%20width%3D%272560%27%20height%3D%271707%27%20viewBox%3D%270%200%202560%201707%27%3E%3Crect%20width%3D%272560%27%20height%3D%271707%27%20fill-opacity%3D%220%22%2F%3E%3C%2Fsvg%3E\" data-srcset=\"https:\/\/conciencialogistica.com\/web\/wp-content\/uploads\/2025\/05\/SENAPRED-3-200x133.jpg 200w, https:\/\/conciencialogistica.com\/web\/wp-content\/uploads\/2025\/05\/SENAPRED-3-400x267.jpg 400w, https:\/\/conciencialogistica.com\/web\/wp-content\/uploads\/2025\/05\/SENAPRED-3-600x400.jpg 600w, https:\/\/conciencialogistica.com\/web\/wp-content\/uploads\/2025\/05\/SENAPRED-3-800x533.jpg 800w, https:\/\/conciencialogistica.com\/web\/wp-content\/uploads\/2025\/05\/SENAPRED-3-1200x800.jpg 1200w, https:\/\/conciencialogistica.com\/web\/wp-content\/uploads\/2025\/05\/SENAPRED-3.jpg 2560w\" data-sizes=\"auto\" data-orig-sizes=\"(min-width: 2200px) 100vw, (min-width: 712px) 653px, (min-width: 640px) 712px, \" \/><\/a><\/div><\/div><div class=\"clearfix\"><\/div><div style=\"padding:15px;\" class=\"fusion-grid-column fusion-gallery-column fusion-gallery-column-2 hover-type-zoomout\"><div class=\"fusion-gallery-image\"><a href=\"https:\/\/conciencialogistica.com\/web\/wp-content\/uploads\/2025\/05\/SENAPRED-2.jpg\" rel=\"noreferrer\" data-rel=\"iLightbox[gallery_image_1]\" class=\"fusion-lightbox\" target=\"_self\"><img decoding=\"async\" src=\"https:\/\/conciencialogistica.com\/web\/wp-content\/uploads\/2025\/05\/SENAPRED-2.jpg\" data-orig-src=\"https:\/\/conciencialogistica.com\/web\/wp-content\/uploads\/2025\/05\/SENAPRED-2.jpg\" width=\"2560\" height=\"1707\" alt=\"\" title=\"SENAPRED 2\" aria-label=\"SENAPRED 2\" class=\"lazyload img-responsive wp-image-3670\" srcset=\"data:image\/svg+xml,%3Csvg%20xmlns%3D%27http%3A%2F%2Fwww.w3.org%2F2000%2Fsvg%27%20width%3D%272560%27%20height%3D%271707%27%20viewBox%3D%270%200%202560%201707%27%3E%3Crect%20width%3D%272560%27%20height%3D%271707%27%20fill-opacity%3D%220%22%2F%3E%3C%2Fsvg%3E\" data-srcset=\"https:\/\/conciencialogistica.com\/web\/wp-content\/uploads\/2025\/05\/SENAPRED-2-200x133.jpg 200w, https:\/\/conciencialogistica.com\/web\/wp-content\/uploads\/2025\/05\/SENAPRED-2-400x267.jpg 400w, https:\/\/conciencialogistica.com\/web\/wp-content\/uploads\/2025\/05\/SENAPRED-2-600x400.jpg 600w, https:\/\/conciencialogistica.com\/web\/wp-content\/uploads\/2025\/05\/SENAPRED-2-800x533.jpg 800w, https:\/\/conciencialogistica.com\/web\/wp-content\/uploads\/2025\/05\/SENAPRED-2-1200x800.jpg 1200w, https:\/\/conciencialogistica.com\/web\/wp-content\/uploads\/2025\/05\/SENAPRED-2.jpg 2560w\" data-sizes=\"auto\" data-orig-sizes=\"(min-width: 2200px) 100vw, (min-width: 712px) 653px, (min-width: 640px) 712px, \" \/><\/a><\/div><\/div><div style=\"padding:15px;\" class=\"fusion-grid-column fusion-gallery-column fusion-gallery-column-2 hover-type-zoomout\"><div class=\"fusion-gallery-image\"><a href=\"https:\/\/conciencialogistica.com\/web\/wp-content\/uploads\/2025\/05\/SENAPRED-1.jpg\" rel=\"noreferrer\" data-rel=\"iLightbox[gallery_image_1]\" class=\"fusion-lightbox\" target=\"_self\"><img decoding=\"async\" src=\"https:\/\/conciencialogistica.com\/web\/wp-content\/uploads\/2025\/05\/SENAPRED-1.jpg\" data-orig-src=\"https:\/\/conciencialogistica.com\/web\/wp-content\/uploads\/2025\/05\/SENAPRED-1.jpg\" width=\"2560\" height=\"1707\" alt=\"\" title=\"SENAPRED 1\" aria-label=\"SENAPRED 1\" class=\"lazyload img-responsive wp-image-3669\" srcset=\"data:image\/svg+xml,%3Csvg%20xmlns%3D%27http%3A%2F%2Fwww.w3.org%2F2000%2Fsvg%27%20width%3D%272560%27%20height%3D%271707%27%20viewBox%3D%270%200%202560%201707%27%3E%3Crect%20width%3D%272560%27%20height%3D%271707%27%20fill-opacity%3D%220%22%2F%3E%3C%2Fsvg%3E\" data-srcset=\"https:\/\/conciencialogistica.com\/web\/wp-content\/uploads\/2025\/05\/SENAPRED-1-200x133.jpg 200w, https:\/\/conciencialogistica.com\/web\/wp-content\/uploads\/2025\/05\/SENAPRED-1-400x267.jpg 400w, https:\/\/conciencialogistica.com\/web\/wp-content\/uploads\/2025\/05\/SENAPRED-1-600x400.jpg 600w, https:\/\/conciencialogistica.com\/web\/wp-content\/uploads\/2025\/05\/SENAPRED-1-800x533.jpg 800w, https:\/\/conciencialogistica.com\/web\/wp-content\/uploads\/2025\/05\/SENAPRED-1-1200x800.jpg 1200w, https:\/\/conciencialogistica.com\/web\/wp-content\/uploads\/2025\/05\/SENAPRED-1.jpg 2560w\" data-sizes=\"auto\" data-orig-sizes=\"(min-width: 2200px) 100vw, (min-width: 712px) 653px, (min-width: 640px) 712px, \" \/><\/a><\/div><\/div><div class=\"clearfix\"><\/div><\/div><\/div><\/div><\/div><\/div><\/div><\/div><\/div><\/div>\n","protected":false},"excerpt":{"rendered":"","protected":false},"author":1,"featured_media":3522,"comment_status":"open","ping_status":"open","sticky":false,"template":"","format":"standard","meta":{"_acf_changed":false,"footnotes":""},"categories":[32],"tags":[7],"class_list":["post-1518","post","type-post","status-publish","format-standard","has-post-thumbnail","hentry","category-proyectos","tag-business"],"acf":[],"_links":{"self":[{"href":"https:\/\/conciencialogistica.com\/web\/wp-json\/wp\/v2\/posts\/1518","targetHints":{"allow":["GET"]}}],"collection":[{"href":"https:\/\/conciencialogistica.com\/web\/wp-json\/wp\/v2\/posts"}],"about":[{"href":"https:\/\/conciencialogistica.com\/web\/wp-json\/wp\/v2\/types\/post"}],"author":[{"embeddable":true,"href":"https:\/\/conciencialogistica.com\/web\/wp-json\/wp\/v2\/users\/1"}],"replies":[{"embeddable":true,"href":"https:\/\/conciencialogistica.com\/web\/wp-json\/wp\/v2\/comments?post=1518"}],"version-history":[{"count":13,"href":"https:\/\/conciencialogistica.com\/web\/wp-json\/wp\/v2\/posts\/1518\/revisions"}],"predecessor-version":[{"id":3699,"href":"https:\/\/conciencialogistica.com\/web\/wp-json\/wp\/v2\/posts\/1518\/revisions\/3699"}],"wp:featuredmedia":[{"embeddable":true,"href":"https:\/\/conciencialogistica.com\/web\/wp-json\/wp\/v2\/media\/3522"}],"wp:attachment":[{"href":"https:\/\/conciencialogistica.com\/web\/wp-json\/wp\/v2\/media?parent=1518"}],"wp:term":[{"taxonomy":"category","embeddable":true,"href":"https:\/\/conciencialogistica.com\/web\/wp-json\/wp\/v2\/categories?post=1518"},{"taxonomy":"post_tag","embeddable":true,"href":"https:\/\/conciencialogistica.com\/web\/wp-json\/wp\/v2\/tags?post=1518"}],"curies":[{"name":"wp","href":"https:\/\/api.w.org\/{rel}","templated":true}]}}